{"id":1107,"date":"2025-02-02T10:14:20","date_gmt":"2025-02-02T09:14:20","guid":{"rendered":"https:\/\/lamaisondupont63.fr\/?p=1107"},"modified":"2025-02-02T10:14:20","modified_gmt":"2025-02-02T09:14:20","slug":"cela-sest-passe-au-mois-de-janvier","status":"publish","type":"post","link":"https:\/\/lamaisondupont63.fr\/?p=1107","title":{"rendered":"Cela s&rsquo;est pass\u00e9 au mois de janvier"},"content":{"rendered":"\n<p>Deux soir\u00e9es particuli\u00e8rement riches \u00e0 la Maison du Pont\u00a0!<\/p>\n\n\n\n<p><strong>Le vernissage de la nouvelle exposition\u00a0: \u00ab\u00a0l\u2019Atelier de Shimona\u00a0\u00bb<\/strong>\u00a0a eu lieu en pr\u00e9sence des artistes\u00a0: Yvette, Florence, Martine, Christiane, Claudine, Fabienne, toutes \u00e9l\u00e8ves de Shimona Souckova en son atelier de Thiers. Les exposantes ont pu pr\u00e9senter leur travail \u00e0 leurs nombreux amis. L\u2019exposition est visible jusqu\u2019au 22 mars aux jours et heures d\u2019ouverture de la Maison du Pont.<br><strong>La Nuit de la lecture, <\/strong>organis\u00e9e dans le cadre de la manifestation nationale sur le th\u00e8me Le<br>Patrimoine, a propos\u00e9 une soir\u00e9e autour du roman de George Sand, la Ville noire. Inspir\u00e9 par la visite de Thiers lors du 2<sup>e<\/sup> voyage en Auvergne de l\u2019auteure, en 1859, ce roman met en sc\u00e8ne des ouvriers de la coutellerie. La 2<sup>e<\/sup> partie de soir\u00e9e, apr\u00e8s l\u2019interm\u00e8de gourmand, a permis de gagner des ch\u00e8ques-lire en partenariat avec la librairie Trenslivres.<\/p>\n\n\n\n<figure class=\"wp-block-gallery has-nested-images columns-default is-cropped wp-block-gallery-1 is-layout-flex wp-block-gallery-is-layout-flex\">\n<figure class=\"wp-block-image size-large\"><img loading=\"lazy\" decoding=\"async\" width=\"768\" height=\"1024\" data-id=\"1109\" src=\"https:\/\/lamaisondupont63.fr\/wp-content\/uploads\/2025\/02\/20250124_181948-1-768x1024.jpg\" alt=\"\" class=\"wp-image-1109\" srcset=\"https:\/\/lamaisondupont63.fr\/wp-content\/uploads\/2025\/02\/20250124_181948-1-768x1024.jpg 768w, https:\/\/lamaisondupont63.fr\/wp-content\/uploads\/2025\/02\/20250124_181948-1-225x300.jpg 225w, https:\/\/lamaisondupont63.fr\/wp-content\/uploads\/2025\/02\/20250124_181948-1-1152x1536.jpg 1152w, https:\/\/lamaisondupont63.fr\/wp-content\/uploads\/2025\/02\/20250124_181948-1-1536x2048.jpg 1536w, https:\/\/lamaisondupont63.fr\/wp-content\/uploads\/2025\/02\/20250124_181948-1-scaled.jpg 1920w\" sizes=\"auto, (max-width: 767px) 89vw, (max-width: 1000px) 54vw, (max-width: 1071px) 543px, 580px\" \/><\/figure>\n\n\n\n<figure class=\"wp-block-image size-large\"><img loading=\"lazy\" decoding=\"async\" width=\"1024\" height=\"768\" data-id=\"1110\" src=\"https:\/\/lamaisondupont63.fr\/wp-content\/uploads\/2025\/02\/20250125_190534-1024x768.jpg\" alt=\"\" class=\"wp-image-1110\" srcset=\"https:\/\/lamaisondupont63.fr\/wp-content\/uploads\/2025\/02\/20250125_190534-1024x768.jpg 1024w, https:\/\/lamaisondupont63.fr\/wp-content\/uploads\/2025\/02\/20250125_190534-300x225.jpg 300w, https:\/\/lamaisondupont63.fr\/wp-content\/uploads\/2025\/02\/20250125_190534-768x576.jpg 768w, https:\/\/lamaisondupont63.fr\/wp-content\/uploads\/2025\/02\/20250125_190534-1536x1152.jpg 1536w, https:\/\/lamaisondupont63.fr\/wp-content\/uploads\/2025\/02\/20250125_190534-2048x1536.jpg 2048w\" sizes=\"auto, (max-width: 767px) 89vw, (max-width: 1000px) 54vw, (max-width: 1071px) 543px, 580px\" \/><\/figure>\n<\/figure>\n","protected":false},"excerpt":{"rendered":"<p>Deux soir\u00e9es particuli\u00e8rement riches \u00e0 la Maison du Pont\u00a0! Le vernissage de la nouvelle exposition\u00a0: \u00ab\u00a0l\u2019Atelier de Shimona\u00a0\u00bb\u00a0a eu lieu en pr\u00e9sence des artistes\u00a0: Yvette, Florence, Martine, Christiane, Claudine, Fabienne, toutes \u00e9l\u00e8ves de Shimona Souckova en son atelier de Thiers. Les exposantes ont pu pr\u00e9senter leur travail \u00e0 leurs nombreux amis. L\u2019exposition est visible jusqu\u2019au &hellip; <\/p>\n<p class=\"link-more\"><a href=\"https:\/\/lamaisondupont63.fr\/?p=1107\" class=\"more-link\">Continuer la lecture<span class=\"screen-reader-text\"> de &laquo;&nbsp;Cela s&rsquo;est pass\u00e9 au mois de janvier&nbsp;&raquo;<\/span><\/a><\/p>\n","protected":false},"author":1,"featured_media":0,"comment_status":"closed","ping_status":"open","sticky":false,"template":"","format":"standard","meta":{"footnotes":""},"categories":[1],"tags":[],"class_list":["post-1107","post","type-post","status-publish","format-standard","hentry","category-non-classe"],"_links":{"self":[{"href":"https:\/\/lamaisondupont63.fr\/index.php?rest_route=\/wp\/v2\/posts\/1107","targetHints":{"allow":["GET"]}}],"collection":[{"href":"https:\/\/lamaisondupont63.fr\/index.php?rest_route=\/wp\/v2\/posts"}],"about":[{"href":"https:\/\/lamaisondupont63.fr\/index.php?rest_route=\/wp\/v2\/types\/post"}],"author":[{"embeddable":true,"href":"https:\/\/lamaisondupont63.fr\/index.php?rest_route=\/wp\/v2\/users\/1"}],"replies":[{"embeddable":true,"href":"https:\/\/lamaisondupont63.fr\/index.php?rest_route=%2Fwp%2Fv2%2Fcomments&post=1107"}],"version-history":[{"count":2,"href":"https:\/\/lamaisondupont63.fr\/index.php?rest_route=\/wp\/v2\/posts\/1107\/revisions"}],"predecessor-version":[{"id":1112,"href":"https:\/\/lamaisondupont63.fr\/index.php?rest_route=\/wp\/v2\/posts\/1107\/revisions\/1112"}],"wp:attachment":[{"href":"https:\/\/lamaisondupont63.fr\/index.php?rest_route=%2Fwp%2Fv2%2Fmedia&parent=1107"}],"wp:term":[{"taxonomy":"category","embeddable":true,"href":"https:\/\/lamaisondupont63.fr\/index.php?rest_route=%2Fwp%2Fv2%2Fcategories&post=1107"},{"taxonomy":"post_tag","embeddable":true,"href":"https:\/\/lamaisondupont63.fr\/index.php?rest_route=%2Fwp%2Fv2%2Ftags&post=1107"}],"curies":[{"name":"wp","href":"https:\/\/api.w.org\/{rel}","templated":true}]}}