{"id":1314,"date":"2026-02-18T21:34:04","date_gmt":"2026-02-18T20:34:04","guid":{"rendered":"https:\/\/lamaisondupont63.fr\/?p=1314"},"modified":"2026-02-18T21:34:04","modified_gmt":"2026-02-18T20:34:04","slug":"habiter-autrement","status":"publish","type":"post","link":"https:\/\/lamaisondupont63.fr\/?p=1314","title":{"rendered":"Habiter autrement &#8211; caf\u00e9 d\u00e9bat"},"content":{"rendered":"\n<p><strong>Vendredi 20 f\u00e9vrier 2026, 20h30<\/strong><\/p>\n\n\n\n<p>L\u2019association Habiter Autrement invite le public \u00e0 une soir\u00e9e conviviale et participative autour de l\u2019habitat participatif.<\/p>\n\n\n\n<figure class=\"wp-block-image size-full is-resized\"><img loading=\"lazy\" decoding=\"async\" width=\"640\" height=\"887\" src=\"https:\/\/lamaisondupont63.fr\/wp-content\/uploads\/2026\/01\/HabiterAutrement.jpg\" alt=\"\" class=\"wp-image-1315\" style=\"width:345px;height:auto\" srcset=\"https:\/\/lamaisondupont63.fr\/wp-content\/uploads\/2026\/01\/HabiterAutrement.jpg 640w, https:\/\/lamaisondupont63.fr\/wp-content\/uploads\/2026\/01\/HabiterAutrement-216x300.jpg 216w\" sizes=\"auto, (max-width: 640px) 100vw, 640px\" \/><\/figure>\n\n\n\n<p><strong>Au programme :<\/strong><br>&#8211; Pr\u00e9sentation de ce qu\u2019est l\u2019habitat participatif, illustr\u00e9e par diff\u00e9rents projets existants en France et ailleurs.<br>&#8211; Un temps d\u2019\u00e9change avec les participants et les personnes int\u00e9ress\u00e9es par ces nouvelles mani\u00e8res d\u2019habiter.<br>&#8211; La prise de parole de porteuses de projet locales, notamment un collectif de femmes s\u00e9niors thiernoises qui souhaitent cr\u00e9er, \u00e0 proximit\u00e9 du centre-ville, leur futur habitat participatif. Elles partageront leur intention, leurs premi\u00e8res d\u00e9marches et inviteront toute personne int\u00e9ress\u00e9e \u00e0 les rejoindre.<br><br>Une soir\u00e9e pour s\u2019informer, \u00e9changer, et imaginer ensemble d\u2019autres fa\u00e7ons d\u2019habiter.<br><br>Contact presse \/ informations :<br>Association Habiter Autrement<br>Alain BIDET&nbsp; 06-46-32-52-39&nbsp; Mail contact@habiter-autrement.fr<\/p>\n","protected":false},"excerpt":{"rendered":"<p>Vendredi 20 f\u00e9vrier 2026, 20h30 L\u2019association Habiter Autrement invite le public \u00e0 une soir\u00e9e conviviale et participative autour de l\u2019habitat participatif. Au programme :&#8211; Pr\u00e9sentation de ce qu\u2019est l\u2019habitat participatif, illustr\u00e9e par diff\u00e9rents projets existants en France et ailleurs.&#8211; Un temps d\u2019\u00e9change avec les participants et les personnes int\u00e9ress\u00e9es par ces nouvelles mani\u00e8res d\u2019habiter.&#8211; La &hellip; <\/p>\n<p class=\"link-more\"><a href=\"https:\/\/lamaisondupont63.fr\/?p=1314\" class=\"more-link\">Continuer la lecture<span class=\"screen-reader-text\"> de &laquo;&nbsp;Habiter autrement &#8211; caf\u00e9 d\u00e9bat&nbsp;&raquo;<\/span><\/a><\/p>\n","protected":false},"author":1,"featured_media":0,"comment_status":"closed","ping_status":"open","sticky":false,"template":"","format":"standard","meta":{"footnotes":""},"categories":[1],"tags":[],"class_list":["post-1314","post","type-post","status-publish","format-standard","hentry","category-non-classe"],"_links":{"self":[{"href":"https:\/\/lamaisondupont63.fr\/index.php?rest_route=\/wp\/v2\/posts\/1314","targetHints":{"allow":["GET"]}}],"collection":[{"href":"https:\/\/lamaisondupont63.fr\/index.php?rest_route=\/wp\/v2\/posts"}],"about":[{"href":"https:\/\/lamaisondupont63.fr\/index.php?rest_route=\/wp\/v2\/types\/post"}],"author":[{"embeddable":true,"href":"https:\/\/lamaisondupont63.fr\/index.php?rest_route=\/wp\/v2\/users\/1"}],"replies":[{"embeddable":true,"href":"https:\/\/lamaisondupont63.fr\/index.php?rest_route=%2Fwp%2Fv2%2Fcomments&post=1314"}],"version-history":[{"count":3,"href":"https:\/\/lamaisondupont63.fr\/index.php?rest_route=\/wp\/v2\/posts\/1314\/revisions"}],"predecessor-version":[{"id":1319,"href":"https:\/\/lamaisondupont63.fr\/index.php?rest_route=\/wp\/v2\/posts\/1314\/revisions\/1319"}],"wp:attachment":[{"href":"https:\/\/lamaisondupont63.fr\/index.php?rest_route=%2Fwp%2Fv2%2Fmedia&parent=1314"}],"wp:term":[{"taxonomy":"category","embeddable":true,"href":"https:\/\/lamaisondupont63.fr\/index.php?rest_route=%2Fwp%2Fv2%2Fcategories&post=1314"},{"taxonomy":"post_tag","embeddable":true,"href":"https:\/\/lamaisondupont63.fr\/index.php?rest_route=%2Fwp%2Fv2%2Ftags&post=1314"}],"curies":[{"name":"wp","href":"https:\/\/api.w.org\/{rel}","templated":true}]}}