{"id":338,"date":"2020-12-12T21:00:00","date_gmt":"2020-12-12T20:00:00","guid":{"rendered":"http:\/\/lamaisondupont63.fr\/?p=338"},"modified":"2022-03-02T08:07:29","modified_gmt":"2022-03-02T07:07:29","slug":"jusqua-quand","status":"publish","type":"post","link":"https:\/\/lamaisondupont63.fr\/?p=338","title":{"rendered":"Jusqu&rsquo;\u00e0 quand ?"},"content":{"rendered":"<p>Ch\u00e8res amies adh\u00e9rentes et chers amis adh\u00e9rents de La Maison du Pont !<\/p>\n<p>Suite aux propos du premier ministre jeudi 10 d\u00e9cembre, oui 2020,<br \/>\nnous avons appris que la culture \u00e9tait \u00e0 nouveau dans l\u2019interdiction d\u2019exister et jusqu\u2019\u00e0 quand ?<\/p>\n<p>Et que malheureusement nous devions annuler les r\u00e9citals pr\u00e9vus avec Laurent Martin les 18, 19 et 20 d\u00e9cembre 2020.<\/p>\n<p>Nous en sommes d\u00e9sol\u00e9s !<\/p>\n<p>Quand pourrons-nous installer l\u2019exposition de Nicolas Anglade \u00ab Le moindre geste \u00bb ?<br \/>\nQuand pourrons-nous accrocher l\u2019exposition de Nadine Bourbonnaux \u00ab La fin des chemins de traverse \u00bb ?<br \/>\nNous occuper des venues de Dalie Farah, Christian Amblard, Anthony Fardet, r\u00e9-ouvrir La Maison du Pont et re-programmer tout ce que nous avions pr\u00e9vu ?<\/p>\n<p>Tout en comprenant qu\u2019il faille agir contre la pand\u00e9mie, nous sommes dubitatifs quand aux d\u00e9cisions gouvernementales radicales et d\u00e9vastatrices.<\/p>\n<p>Comment comprendre l\u2019ouverture des \u00e9glises face \u00e0 \u00ab la mise \u00e0 l\u2019index \u00bb des cin\u00e9mas, des th\u00e9\u00e2tres, des salles culturelles ?<\/p>\n<p>Les unes seraient-elles mieux prot\u00e9g\u00e9es que les autres ?<\/p>\n<p>En attendant des r\u00e9ponses \u00e0 nos questions, nous vous souhaitons une bonne fin d\u2019ann\u00e9e, tout d\u2019m\u00eame, avec l\u2019immense plaisir de vous revoir, en chair et en os, en forme et en bonne sant\u00e9\u2026 Un jour !<\/p>\n<p>Bien \u00e0 vous,<\/p>\n<p>La Maison du Pont<\/p>\n","protected":false},"excerpt":{"rendered":"<p>Ch\u00e8res amies adh\u00e9rentes et chers amis adh\u00e9rents de La Maison du Pont ! Suite aux propos du premier ministre jeudi 10 d\u00e9cembre, oui 2020, nous avons appris que la culture \u00e9tait \u00e0 nouveau dans l\u2019interdiction d\u2019exister et jusqu\u2019\u00e0 quand ? Et que malheureusement nous devions annuler les r\u00e9citals pr\u00e9vus avec Laurent Martin les 18, 19 &hellip; <\/p>\n<p class=\"link-more\"><a href=\"https:\/\/lamaisondupont63.fr\/?p=338\" class=\"more-link\">Continuer la lecture<span class=\"screen-reader-text\"> de &laquo;&nbsp;Jusqu&rsquo;\u00e0 quand ?&nbsp;&raquo;<\/span><\/a><\/p>\n","protected":false},"author":1,"featured_media":0,"comment_status":"closed","ping_status":"closed","sticky":false,"template":"","format":"standard","meta":{"footnotes":""},"categories":[10,4,6,2,9,3],"tags":[],"class_list":["post-338","post","type-post","status-publish","format-standard","hentry","category-a-propos-de-la-maison-du-pont","category-exposition","category-lecture","category-musique","category-rencontre","category-theatre"],"_links":{"self":[{"href":"https:\/\/lamaisondupont63.fr\/index.php?rest_route=\/wp\/v2\/posts\/338","targetHints":{"allow":["GET"]}}],"collection":[{"href":"https:\/\/lamaisondupont63.fr\/index.php?rest_route=\/wp\/v2\/posts"}],"about":[{"href":"https:\/\/lamaisondupont63.fr\/index.php?rest_route=\/wp\/v2\/types\/post"}],"author":[{"embeddable":true,"href":"https:\/\/lamaisondupont63.fr\/index.php?rest_route=\/wp\/v2\/users\/1"}],"replies":[{"embeddable":true,"href":"https:\/\/lamaisondupont63.fr\/index.php?rest_route=%2Fwp%2Fv2%2Fcomments&post=338"}],"version-history":[{"count":3,"href":"https:\/\/lamaisondupont63.fr\/index.php?rest_route=\/wp\/v2\/posts\/338\/revisions"}],"predecessor-version":[{"id":345,"href":"https:\/\/lamaisondupont63.fr\/index.php?rest_route=\/wp\/v2\/posts\/338\/revisions\/345"}],"wp:attachment":[{"href":"https:\/\/lamaisondupont63.fr\/index.php?rest_route=%2Fwp%2Fv2%2Fmedia&parent=338"}],"wp:term":[{"taxonomy":"category","embeddable":true,"href":"https:\/\/lamaisondupont63.fr\/index.php?rest_route=%2Fwp%2Fv2%2Fcategories&post=338"},{"taxonomy":"post_tag","embeddable":true,"href":"https:\/\/lamaisondupont63.fr\/index.php?rest_route=%2Fwp%2Fv2%2Ftags&post=338"}],"curies":[{"name":"wp","href":"https:\/\/api.w.org\/{rel}","templated":true}]}}