{"id":535,"date":"2023-01-05T12:36:33","date_gmt":"2023-01-05T11:36:33","guid":{"rendered":"http:\/\/lamaisondupont63.fr\/?p=535"},"modified":"2023-02-05T10:30:42","modified_gmt":"2023-02-05T09:30:42","slug":"voeux-et-programmation-de-debut-2023","status":"publish","type":"post","link":"https:\/\/lamaisondupont63.fr\/?p=535","title":{"rendered":"V\u0153ux et programmation de d\u00e9but 2023"},"content":{"rendered":"<p>BONJOUR,<\/p>\n<p>Voici quelques informations concernant les diff\u00e9rents \u00e9v\u00e9nements<br \/>\nque nous aurons \u00e0 la Maison du Pont, en ce d\u00e9but d\u2019ann\u00e9e.<\/p>\n<p>&#8211; Du 13 janvier au 18 mars 2023 : Expo \u00abTRES MARES \/ TROIS MERS\u00a0\u00bb:<br \/>\n21 artistes cubains et 20 artistes europ\u00e9ens, voguants, des Cara\u00efbes \u00e0 la mer de Chine<br \/>\nen passant par la M\u00e9diterran\u00e9e, permettant ainsi le croisement des peuples et des cultures.<br \/>\nDont Aconcha, Ricardo Ponce, Alfredo Sosabravo, Eduardo Abela, Ernest Pignon Ernest pour ne citer que quelque uns des artistes &#8230;<br \/>\n( Entr\u00e8e libre, mercredi, jeudi et samedi de 15h \u00e0 19h )<\/p>\n<p>&#8211; Vendredi 13 Janvier \u00e0 18 h, vernissage de l\u2019exposition<\/p>\n<p>&#8211; Samedi 21 janvier : nuit de la lecture \u00e0 partir de 18 h : th\u00e8me national : la peur !<br \/>\nAvec un petit jeu : chacun sa peur et un texte \u00e0 partager, ensuite soupe<br \/>\net 2\u00e8me partie avec les lectures choisies du public.<br \/>\n( \u00c9crivains cubains, en r\u00e9f\u00e9rence \u00e0 l\u2019expo qui sera en place ? )<\/p>\n<p>&#8211; Vendredi 27 janvier \u00e0 20h, concert avec \u00ab\u00a0Les Membracides\u00a0\u00bb (au chapeau)<br \/>\n\u00a0\u00bb Les Membracides sont des insectes \u00e9tonnants et tr\u00e8s souvent spectaculaires<br \/>\npar leur forme et leur couleur, traduction de la fantaisie cr\u00e9atrice de la nature.<br \/>\nCette cr\u00e9ativit\u00e9 est une source d\u2019inspiration pour les Membracides, groupe de 5 musiciens<br \/>\nqui donnent libre cours \u00e0 leur imagination \u00e0 travers un partage sans cesse renouvel\u00e9<br \/>\nde formes et couleurs musicales originales qui nourrissent un r\u00e9pertoire tout aussi original !\u00a0\u00bb<\/p>\n<p>&#8211; Vendredi 10 F\u00e9vrier \u00e0 20h : projection du film Yuli, de Ic\u00edar Bolla\u00edn (2019)<br \/>\nen version originale sous-titr\u00e9e (dur\u00e9e 1h40 &#8211; Tout public).<br \/>\nSynopsis : Le destin de Carlos Acosta, une l\u00e9gende dans le monde de la danse<br \/>\net le premier danseur noir \u00e0 avoir interpr\u00e9t\u00e9 certains des r\u00f4les les plus c\u00e9l\u00e8bres du ballet.<br \/>\nL&rsquo;histoire du danseur qui ne voulait pas danser. 5\u20ac<\/p>\n<p>&#8211; Vendredi 3 Mars : conf\u00e9rence sur le syst\u00e8me de sant\u00e9 cubain, avec Murielle Duranton,<br \/>\np\u00e9dopsychiatre \u00e0 Vichy qui collabore depuis de nombreuses ann\u00e9es avec des coll\u00e8gues cubains. (au chapeau)<br \/>\n( Les b\u00e9n\u00e9fices des \u00e9v\u00e9nements organis\u00e9s pendant  l\u2019exposition \u00ab TRES MARES\/TOIS MERS \u00bb<br \/>\nseront vers\u00e9s \u00e0 une association d&rsquo;entraide pour le peuple cubain )<\/p>\n<p>&#8211; Pour les permanences qui ont lieu mercredi, jeudi et samedi de 15h \u00e0 19h, vous pouvez<br \/>\nvous inscrire en cliquant sur ce lien framadate  https:\/\/framadate.org\/7EdX1QIiViQ9iNUFNp4OcOpD\/admin.<\/p>\n<p>+ Les diff\u00e9rents ateliers ci-dessous :<\/p>\n<p>&#8211; Atelier relaxation avec Jean-Marc Pineau, les mardi 10h30 &gt; 11h30<br \/>\n&#8211; Atelier \u00ab Jeux de soci\u00e9t\u00e9 \u00bb avec Jean-Marie :<br \/>\nSamedi 14 et 28 janvier, de 15h \u00e0 19h<br \/>\n&#8211; Atelier \u00ab collages \u00bb avec Ir\u00e8ne Georges \u00e0 15h :<br \/>\n27 janvier, 17 f\u00e9vrier, 24 mars et 14 avril<\/p>\n<p>Et bien s\u00fbr toujours la possibilit\u00e9 d\u2019envoyer votre cotisation 2023, \u00e0 l\u2019ordre de la Maison du Pont, d\u2019un montant de 10\u20ac<\/p>\n<p>+ Ces informations concernant deux associations amies :<\/p>\n<p>&#8211; CREDOGNE VIVANTE :<br \/>\nNous organisons une nouvelle marche le 8 Janvier 2023 contre le projet de micro-centrale sur la Credogne et pour sauver la cascade du saut Tavagnat d&rsquo;une destruction certaine. Celle-ci se fera d\u00e9ambulation po\u00e9tique, puisque tout au long du parcours nous serons accompagn\u00e9s de lectures de po\u00e8mes autour de l&rsquo;eau, des sources, rivi\u00e8res et bien entendu cascades. Vous pouvez d&rsquo;ailleurs amener votre propre po\u00e8me, pour le d\u00e9clamer devant tous, militants, marcheurs, arbres, rochers et v\u00e9g\u00e9taux. Ce moment sera festif et joyeux! Vous pouvez suivre nos infos sur le site suivant: http:\/\/credogne-vivante.org\/<\/p>\n<p>&#8211; Le chemin de sainte Agathe vous invite \u00e0 son quatri\u00e8me  festival de la marche le samedi 14 janvier 2023 \u00e0 Thiers<br \/>\n( mairie-salle Tournilhac), entr\u00e9e libre-buvette http:\/\/www.lechemindesainteagathe.fr\/<\/p>\n<p>\u00ab  MEILLEURS V\u0152UX DE L\u2019\u00c9QUIPE DE LA MAISON DU PONT \u00bb<\/p>\n<p>A bient\u00f4t de vous revoir,<\/p>\n<p>www.lamaisondupont63.fr<\/p>\n","protected":false},"excerpt":{"rendered":"<p>BONJOUR, Voici quelques informations concernant les diff\u00e9rents \u00e9v\u00e9nements que nous aurons \u00e0 la Maison du Pont, en ce d\u00e9but d\u2019ann\u00e9e. &#8211; Du 13 janvier au 18 mars 2023 : Expo \u00abTRES MARES \/ TROIS MERS\u00a0\u00bb: 21 artistes cubains et 20 artistes europ\u00e9ens, voguants, des Cara\u00efbes \u00e0 la mer de Chine en passant par la M\u00e9diterran\u00e9e, &hellip; <\/p>\n<p class=\"link-more\"><a href=\"https:\/\/lamaisondupont63.fr\/?p=535\" class=\"more-link\">Continuer la lecture<span class=\"screen-reader-text\"> de &laquo;&nbsp;V\u0153ux et programmation de d\u00e9but 2023&nbsp;&raquo;<\/span><\/a><\/p>\n","protected":false},"author":1,"featured_media":0,"comment_status":"closed","ping_status":"closed","sticky":false,"template":"","format":"standard","meta":{"footnotes":""},"categories":[7,5,4,16,2],"tags":[],"class_list":["post-535","post","type-post","status-publish","format-standard","hentry","category-atelier","category-conference","category-exposition","category-film","category-musique"],"_links":{"self":[{"href":"https:\/\/lamaisondupont63.fr\/index.php?rest_route=\/wp\/v2\/posts\/535","targetHints":{"allow":["GET"]}}],"collection":[{"href":"https:\/\/lamaisondupont63.fr\/index.php?rest_route=\/wp\/v2\/posts"}],"about":[{"href":"https:\/\/lamaisondupont63.fr\/index.php?rest_route=\/wp\/v2\/types\/post"}],"author":[{"embeddable":true,"href":"https:\/\/lamaisondupont63.fr\/index.php?rest_route=\/wp\/v2\/users\/1"}],"replies":[{"embeddable":true,"href":"https:\/\/lamaisondupont63.fr\/index.php?rest_route=%2Fwp%2Fv2%2Fcomments&post=535"}],"version-history":[{"count":3,"href":"https:\/\/lamaisondupont63.fr\/index.php?rest_route=\/wp\/v2\/posts\/535\/revisions"}],"predecessor-version":[{"id":553,"href":"https:\/\/lamaisondupont63.fr\/index.php?rest_route=\/wp\/v2\/posts\/535\/revisions\/553"}],"wp:attachment":[{"href":"https:\/\/lamaisondupont63.fr\/index.php?rest_route=%2Fwp%2Fv2%2Fmedia&parent=535"}],"wp:term":[{"taxonomy":"category","embeddable":true,"href":"https:\/\/lamaisondupont63.fr\/index.php?rest_route=%2Fwp%2Fv2%2Fcategories&post=535"},{"taxonomy":"post_tag","embeddable":true,"href":"https:\/\/lamaisondupont63.fr\/index.php?rest_route=%2Fwp%2Fv2%2Ftags&post=535"}],"curies":[{"name":"wp","href":"https:\/\/api.w.org\/{rel}","templated":true}]}}