{"id":754,"date":"2024-01-23T08:58:31","date_gmt":"2024-01-23T07:58:31","guid":{"rendered":"http:\/\/lamaisondupont63.fr\/?p=754"},"modified":"2024-01-25T07:27:42","modified_gmt":"2024-01-25T06:27:42","slug":"vernissage-le-3-02-a-18h30-collages-a-tous-les-etages-de-zelda","status":"publish","type":"post","link":"https:\/\/lamaisondupont63.fr\/?p=754","title":{"rendered":"Vernissage le 3\/02 \u00e0 19h, \u00ab\u00a0Collages \u00e0 tous les \u00e9tages\u00a0\u00bb de Zelda"},"content":{"rendered":"<p>\u00ab Souhaitant vous partager ma passion des images d\u00e9coup\u00e9es, je vous invite au vernissage de mon exposition \u00ab COLLAGES \u00c0 TOUS LES \u00c9TAGES \u00bb, \u00e0 la maison du pont, samedi 3 f\u00e9vrier \u00e0 19h &amp; nous r\u00e9aliserons un COLLAGE EXQUIS, une \u0153uvre collective unique ! Si vous poss\u00e9dez un ciseau bien aiguis\u00e9, plut\u00f4t style ciseau de couturi\u00e8re et non pas ciseau de boucher !!! Nous allons nous raconter de dr\u00f4les d\u2019histoires cisel\u00e9es et bien coll\u00e9es ! Un moment cr\u00e9atif et joyeux, r\u00e9serv\u00e9 \u00e0 toutes les petites et grandes personnes qui ont envie de s\u2019exprimer. Boissons &amp; gourmandises avec images &amp; colle seront fournies ! \u00bb Zelda<\/p>\n<p>Quelques \u00e9chos biographiques&#8230;<br \/>\nEnfant, j&rsquo;ai aim\u00e9 les kal\u00e9idoscopes,<br \/>\nles fleurs sur les robes de ma tante Ren\u00e9e,<br \/>\nles motifs des tapisseries,<br \/>\nles revues des grands peintres&#8230;<br \/>\nJ&rsquo;ai fabriqu\u00e9 une premi\u00e8re collection d&rsquo;images d\u00e9coup\u00e9es, des familles invent\u00e9es que je glissais sous mon oreiller<br \/>\net j&rsquo;ai \u00e9crit des po\u00e8mes de papier.<br \/>\nPlus tard, me voici brillamment recal\u00e9e au concours d&rsquo;entr\u00e9e \u00e0 l&rsquo;Ecole des beaux-arts de Lyon<br \/>\nface \u00e0 une v\u00e9ritable \u00ab \u00e9preuve \u00bb de dessin,<br \/>\non me demandait de \u00ab dessiner un v\u00e9lo, de m\u00e9moire \u00bb&#8230;<br \/>\nUn jour,apr\u00e8s les po\u00e9sies, j&rsquo;ai achet\u00e9 ce grand livre des collages de Jacques Pr\u00e9vert et c&rsquo;est comme s&rsquo;il m&rsquo;avait donn\u00e9 l&rsquo;autorisation de d\u00e9couper toutes les images du monde<br \/>\ndont celles qui habitaient les officiels livres de l&rsquo;Art !<br \/>\n\u00c0 mon tour, j&rsquo;ai commenc\u00e9 \u00e0 piller et \u00e0 organiser mes architectures de papiers,<br \/>\nJe suis devenue glaneuse &#8211; colleuse !<br \/>\nJ&rsquo;ai visit\u00e9 les r\u00eaves du facteur Cheval et d&rsquo;autres \u00ab outsiders \u00bb dans la compagnie desquels parfois j&rsquo;ai choisi dentelles et rubans, perles et coquillages pour construire peu \u00e0 peu mes propres cabanes&#8230;<br \/>\nJ&rsquo;aime aujourd&rsquo;hui m\u00e9langer aux papiers lac\u00e9r\u00e9s mes pinceaux et crayons de couleurs<br \/>\net je plonge.<br \/>\nDans ces jardins de fleurs abstraites et lac\u00e9r\u00e9es, d\u00e9chir\u00e9es on rencontre parfois des visages endormis<br \/>\net des ombres qui sourient<br \/>\nRencontres inattendues ou mariages improbables chuchotements<br \/>\nt\u00e9moins d&rsquo;une cr\u00e9ativit\u00e9 in\u00e9puisable dont il me pla\u00eet tant de jouer&#8230;<br \/>\nje vous souhaite de bien voyager ! ZELDA , 24 janvier 2024<\/p>\n<p>Principales expositions<br \/>\n1992 Images et songes, collages\/Villeurbanne, les Nourritures Terrestres 1994 Le D\u00e9modamour, installation litt\u00e9raire\/Th\u00e9\u00e2tre le 116,Lyon-<br \/>\nFestival de Ch\u00e2lon\/Sa\u00f4ne<br \/>\n1999 Ces intimes objets du d\u00e9sir, installation litt\u00e9raire et plastique<br \/>\nTh\u00e9\u00e2tre l&rsquo;Elys\u00e9e-Lyon<br \/>\n2001 La lev\u00e9e est faite, exposition de courriers d&rsquo;\u00e9crivains \/DRAC Auvergne<br \/>\nArt brut, vigne et vin\/Ch\u00e2teau de Suze la Rousse 2003 Festival d&rsquo;Art Singulier \u00e0 Banne\/Ard\u00e8che<br \/>\nCentenaire du Salon d&rsquo;Automne\/Paris<br \/>\n2004 Festivals d&rsquo;Art Singulier de Morestel et d&rsquo;Aubagne<br \/>\n2007 De si grands collages, les Xanthines et SLIB &#8211; Lyon<br \/>\n2009 Th\u00e9\u00e2tres d&rsquo;amour, exposition collective\/Galerie Souchaud-Lyon Depuis 2011, parcours diversifi\u00e9 d&rsquo; expositions priv\u00e9es&#8230;<br \/>\nEntre images et mots, j&rsquo;ai \u00e9galement anim\u00e9 de nombreux projets aupr\u00e8s de publics divers et vari\u00e9s en \u00e9coles et lyc\u00e9es, biblioth\u00e8ques, centres sociaux, organismes de formation, \u00e9v\u00e9nements culturels&#8230;<\/p>\n","protected":false},"excerpt":{"rendered":"<p>\u00ab Souhaitant vous partager ma passion des images d\u00e9coup\u00e9es, je vous invite au vernissage de mon exposition \u00ab COLLAGES \u00c0 TOUS LES \u00c9TAGES \u00bb, \u00e0 la maison du pont, samedi 3 f\u00e9vrier \u00e0 19h &amp; nous r\u00e9aliserons un COLLAGE EXQUIS, une \u0153uvre collective unique ! Si vous poss\u00e9dez un ciseau bien aiguis\u00e9, plut\u00f4t style ciseau &hellip; <\/p>\n<p class=\"link-more\"><a href=\"https:\/\/lamaisondupont63.fr\/?p=754\" class=\"more-link\">Continuer la lecture<span class=\"screen-reader-text\"> de &laquo;&nbsp;Vernissage le 3\/02 \u00e0 19h, \u00ab\u00a0Collages \u00e0 tous les \u00e9tages\u00a0\u00bb de Zelda&nbsp;&raquo;<\/span><\/a><\/p>\n","protected":false},"author":1,"featured_media":755,"comment_status":"closed","ping_status":"closed","sticky":false,"template":"","format":"standard","meta":{"footnotes":""},"categories":[4],"tags":[],"class_list":["post-754","post","type-post","status-publish","format-standard","has-post-thumbnail","hentry","category-exposition"],"_links":{"self":[{"href":"https:\/\/lamaisondupont63.fr\/index.php?rest_route=\/wp\/v2\/posts\/754","targetHints":{"allow":["GET"]}}],"collection":[{"href":"https:\/\/lamaisondupont63.fr\/index.php?rest_route=\/wp\/v2\/posts"}],"about":[{"href":"https:\/\/lamaisondupont63.fr\/index.php?rest_route=\/wp\/v2\/types\/post"}],"author":[{"embeddable":true,"href":"https:\/\/lamaisondupont63.fr\/index.php?rest_route=\/wp\/v2\/users\/1"}],"replies":[{"embeddable":true,"href":"https:\/\/lamaisondupont63.fr\/index.php?rest_route=%2Fwp%2Fv2%2Fcomments&post=754"}],"version-history":[{"count":3,"href":"https:\/\/lamaisondupont63.fr\/index.php?rest_route=\/wp\/v2\/posts\/754\/revisions"}],"predecessor-version":[{"id":760,"href":"https:\/\/lamaisondupont63.fr\/index.php?rest_route=\/wp\/v2\/posts\/754\/revisions\/760"}],"wp:featuredmedia":[{"embeddable":true,"href":"https:\/\/lamaisondupont63.fr\/index.php?rest_route=\/wp\/v2\/media\/755"}],"wp:attachment":[{"href":"https:\/\/lamaisondupont63.fr\/index.php?rest_route=%2Fwp%2Fv2%2Fmedia&parent=754"}],"wp:term":[{"taxonomy":"category","embeddable":true,"href":"https:\/\/lamaisondupont63.fr\/index.php?rest_route=%2Fwp%2Fv2%2Fcategories&post=754"},{"taxonomy":"post_tag","embeddable":true,"href":"https:\/\/lamaisondupont63.fr\/index.php?rest_route=%2Fwp%2Fv2%2Ftags&post=754"}],"curies":[{"name":"wp","href":"https:\/\/api.w.org\/{rel}","templated":true}]}}