{"id":958,"date":"2024-11-13T09:45:00","date_gmt":"2024-11-13T08:45:00","guid":{"rendered":"http:\/\/lamaisondupont63.fr\/?p=958"},"modified":"2024-11-13T22:24:09","modified_gmt":"2024-11-13T21:24:09","slug":"sergio-et-serguei-vendredi-15-nov-a-20h","status":"publish","type":"post","link":"https:\/\/lamaisondupont63.fr\/?p=958","title":{"rendered":"Sergio et Serguei, vendredi 15 nov \u00e0 20h"},"content":{"rendered":"<p>Vendredi 15 novembre \u00e0 20h, gr\u00e2ce \u00e0 l&rsquo;association de la semaine du cin\u00e9ma hispanique, projection de Sergio et Serguei, film du r\u00e9alisateur cubain Ernesto Daranas. Entr\u00e9e 5\u20ac<\/p>\n<p>\u00abSergio &amp; Sergei est une com\u00e9die absurde, un hasard improbable qui a li\u00e9 les vies de deux hommes naufrag\u00e9s \u00e0 la fin de la Guerre froide. Alors que le cin\u00e9ma est si technologique avec une pl\u00e9thore d\u2019effets sp\u00e9ciaux hyperr\u00e9alistes, j\u2019ai souhait\u00e9 une approche diff\u00e9rente. Le cosmos qui m\u2019int\u00e9resse est plus humain que num\u00e9rique. Il n\u2019y avait rien de glamour sur Mir ; il n\u2019y avait rien de glamour non plus dans nos vies, marqu\u00e9es par l\u2019intol\u00e9rance, le dogmatisme et la pauvret\u00e9. Alors comment est-ce possible que je trouve toujours autant de beaut\u00e9 dans le monde autour de moi ? Pourquoi n\u2019ai-je pas perdu l\u2019espoir que nous r\u00e9ussirons \u00e0 red\u00e9couvrir ce que nous sommes vraiment en tant que nation et peuple ? Ce sont les questions auxquelles je voulais r\u00e9pondre dans ce film.\u00bb<\/p>\n\n\n<figure class=\"wp-block-embed is-type-video is-provider-youtube wp-block-embed-youtube wp-embed-aspect-16-9 wp-has-aspect-ratio\"><div class=\"wp-block-embed__wrapper\">\n<iframe loading=\"lazy\" title=\"Sergio et Sergei - Bande annonce HD VOST\" width=\"525\" height=\"295\" src=\"https:\/\/www.youtube.com\/embed\/aPYzc8qIblA?feature=oembed\" frameborder=\"0\" allow=\"accelerometer; autoplay; clipboard-write; encrypted-media; gyroscope; picture-in-picture; web-share\" referrerpolicy=\"strict-origin-when-cross-origin\" allowfullscreen><\/iframe>\n<\/div><\/figure>\n","protected":false},"excerpt":{"rendered":"<p>Vendredi 15 novembre \u00e0 20h, gr\u00e2ce \u00e0 l&rsquo;association de la semaine du cin\u00e9ma hispanique, projection de Sergio et Serguei, film du r\u00e9alisateur cubain Ernesto Daranas. Entr\u00e9e 5\u20ac \u00abSergio &amp; Sergei est une com\u00e9die absurde, un hasard improbable qui a li\u00e9 les vies de deux hommes naufrag\u00e9s \u00e0 la fin de la Guerre froide. Alors que &hellip; <\/p>\n<p class=\"link-more\"><a href=\"https:\/\/lamaisondupont63.fr\/?p=958\" class=\"more-link\">Continuer la lecture<span class=\"screen-reader-text\"> de &laquo;&nbsp;Sergio et Serguei, vendredi 15 nov \u00e0 20h&nbsp;&raquo;<\/span><\/a><\/p>\n","protected":false},"author":1,"featured_media":969,"comment_status":"closed","ping_status":"closed","sticky":false,"template":"","format":"standard","meta":{"footnotes":""},"categories":[16],"tags":[],"class_list":["post-958","post","type-post","status-publish","format-standard","has-post-thumbnail","hentry","category-film"],"_links":{"self":[{"href":"https:\/\/lamaisondupont63.fr\/index.php?rest_route=\/wp\/v2\/posts\/958","targetHints":{"allow":["GET"]}}],"collection":[{"href":"https:\/\/lamaisondupont63.fr\/index.php?rest_route=\/wp\/v2\/posts"}],"about":[{"href":"https:\/\/lamaisondupont63.fr\/index.php?rest_route=\/wp\/v2\/types\/post"}],"author":[{"embeddable":true,"href":"https:\/\/lamaisondupont63.fr\/index.php?rest_route=\/wp\/v2\/users\/1"}],"replies":[{"embeddable":true,"href":"https:\/\/lamaisondupont63.fr\/index.php?rest_route=%2Fwp%2Fv2%2Fcomments&post=958"}],"version-history":[{"count":2,"href":"https:\/\/lamaisondupont63.fr\/index.php?rest_route=\/wp\/v2\/posts\/958\/revisions"}],"predecessor-version":[{"id":1030,"href":"https:\/\/lamaisondupont63.fr\/index.php?rest_route=\/wp\/v2\/posts\/958\/revisions\/1030"}],"wp:featuredmedia":[{"embeddable":true,"href":"https:\/\/lamaisondupont63.fr\/index.php?rest_route=\/wp\/v2\/media\/969"}],"wp:attachment":[{"href":"https:\/\/lamaisondupont63.fr\/index.php?rest_route=%2Fwp%2Fv2%2Fmedia&parent=958"}],"wp:term":[{"taxonomy":"category","embeddable":true,"href":"https:\/\/lamaisondupont63.fr\/index.php?rest_route=%2Fwp%2Fv2%2Fcategories&post=958"},{"taxonomy":"post_tag","embeddable":true,"href":"https:\/\/lamaisondupont63.fr\/index.php?rest_route=%2Fwp%2Fv2%2Ftags&post=958"}],"curies":[{"name":"wp","href":"https:\/\/api.w.org\/{rel}","templated":true}]}}